{"id":8769,"date":"2025-05-03T00:04:32","date_gmt":"2025-05-03T03:04:32","guid":{"rendered":"https:\/\/www.demusculos.com\/contenidos\/?p=8769"},"modified":"2026-08-27T11:46:07","modified_gmt":"2026-08-27T14:46:07","slug":"dejar-las-harinas","status":"publish","type":"post","link":"https:\/\/www.demusculos.com\/contenidos\/dejar-las-harinas\/","title":{"rendered":"Qu\u00e9 le pasa a tu cuerpo cuando dej\u00e1s las harinas por 30 d\u00edas"},"content":{"rendered":"\n<p class=\"wp-block-paragraph\">Dejar las harinas es uno de los cambios de alimentaci\u00f3n sobre los que m\u00e1s se exagera en internet. Ac\u00e1 va lo que razonablemente pod\u00e9s esperar, <strong>sin promesas de kilos ni de transformaciones<\/strong>, y con las advertencias que corresponden.<\/p>\n\n\n\n<h2 class=\"wp-block-heading\" style=\"margin-top:2.6rem;margin-bottom:0.8rem\">\u00bfQu\u00e9 son las harinas refinadas?<\/h2>\n\n\n\n<p class=\"wp-block-paragraph\">La harina refinada es la que perdi\u00f3 <strong>el salvado y el germen<\/strong> del grano durante el molido. Queda casi solo almid\u00f3n: rinde m\u00e1s, dura m\u00e1s y tiene una textura m\u00e1s fina, pero <strong>pierde buena parte de la fibra y de los micronutrientes<\/strong> del grano entero.<\/p>\n\n\n\n<p class=\"wp-block-paragraph\">D\u00f3nde est\u00e1: pan blanco, galletitas dulces y saladas, facturas, prepizzas, pastas industriales, rebozados y la mayor\u00eda de los productos de panader\u00eda industrial.<\/p>\n\n\n\n<div style=\"max-width:820px;margin:1.4rem auto;padding:22px 24px;background:#EAF3F8;border-radius:14px;box-sizing:border-box\"><strong style=\"display:block;color:#1F5A78;font-size:1.08rem;margin-bottom:10px\">\ud83c\udf3e Refinada no es lo mismo que integral<\/strong><span style=\"display:block;color:#3A3A3A;font-size:0.96rem;line-height:1.76\">La <strong>harina integral<\/strong> conserva el salvado y el germen. Por eso aporta m\u00e1s fibra y se digiere m\u00e1s lento.<br><br>Y hay algo que conviene aclarar de entrada: <strong>dejar las harinas refinadas no es lo mismo que dejar los carbohidratos.<\/strong> El arroz, la papa, la batata, la avena y las legumbres siguen siendo carbohidratos, y son fuentes bastante m\u00e1s completas.<br><br>Mucha gente arranca este cambio y termina sacando todo. Ah\u00ed es donde aparecen el cansancio y el abandono a la semana.<\/span><\/div>\n\n\n\n<h2 class=\"wp-block-heading\" style=\"margin-top:2.6rem;margin-bottom:0.8rem\">Qu\u00e9 suele pasar semana a semana<\/h2>\n\n\n\n<p class=\"wp-block-paragraph\">Lo que sigue es <strong>lo que m\u00e1s nos comentan quienes hacen el cambio<\/strong>. No es una predicci\u00f3n: cada cuerpo responde distinto y hay quien no nota nada.<\/p>\n\n\n\n<figure class=\"wp-block-table\"><table class=\"has-fixed-layout\"><thead><tr><th>Etapa<\/th><th>Qu\u00e9 suele reportarse<\/th><\/tr><\/thead><tbody><tr><td><strong>Semana 1<\/strong><\/td><td>Es la m\u00e1s inc\u00f3moda. Antojos, algo de cansancio, a veces dolor de cabeza. Suele ceder en pocos d\u00edas<\/td><\/tr><tr><td><strong>Semana 2<\/strong><\/td><td>La mayor\u00eda reporta menos hinchaz\u00f3n y un apetito m\u00e1s parejo a lo largo del d\u00eda<\/td><\/tr><tr><td><strong>Semana 3<\/strong><\/td><td>Se estabiliza la rutina: ya sab\u00e9s qu\u00e9 comprar, qu\u00e9 cocinar y qu\u00e9 pedir afuera<\/td><\/tr><tr><td><strong>Semana 4<\/strong><\/td><td>El cambio deja de sentirse como esfuerzo. Ese es el verdadero resultado<\/td><\/tr><\/tbody><\/table><\/figure>\n\n\n\n<div style=\"max-width:820px;margin:1.4rem auto;border-left:4px solid #E30613;background:#FFF5F5;padding:20px 22px;border-radius:0 12px 12px 0;box-sizing:border-box\"><strong style=\"display:block;color:#B71409;font-size:1.05rem;margin-bottom:8px\">\u26a0\ufe0f Lo que te decimos de frente<\/strong><span style=\"display:block;color:#3A3A3A;font-size:0.95rem;line-height:1.74\"><strong>No podemos decirte cu\u00e1nto vas a bajar.<\/strong> Cualquiera que te tire un n\u00famero de kilos est\u00e1 inventando: depende de tu punto de partida, de qu\u00e9 com\u00e9s en reemplazo, de cu\u00e1nto te mov\u00e9s y de un mont\u00f3n de cosas m\u00e1s.<br><br><strong>Si ten\u00e9s celiaqu\u00eda o alguna condici\u00f3n de salud<\/strong>, esto no es un desaf\u00edo de internet: es un tema m\u00e9dico y lo maneja un profesional.<br><br>Y algo importante: si sacar un alimento te genera <strong>culpa, ansiedad o una relaci\u00f3n tensa con la comida<\/strong>, esa es la se\u00f1al para frenar y pedir ayuda. Comer bien no deber\u00eda sentirse como un castigo.<\/span><\/div>\n\n\n\n<h2 class=\"wp-block-heading\" style=\"margin-top:2.6rem;margin-bottom:0.8rem\">Con qu\u00e9 reemplazar cada cosa<\/h2>\n\n\n\n<p class=\"wp-block-paragraph\">Ac\u00e1 est\u00e1 la parte pr\u00e1ctica, que es la que casi nadie cuenta. <strong>Sacar sin reemplazar no funciona:<\/strong> lleg\u00e1s con hambre a la pr\u00f3xima comida y termin\u00e1s comiendo cualquier cosa.<\/p>\n\n\n\n<figure class=\"wp-block-table\"><table class=\"has-fixed-layout\"><thead><tr><th>En lugar de<\/th><th>Prob\u00e1 con<\/th><\/tr><\/thead><tbody><tr><td><strong>Pan blanco<\/strong><\/td><td>Pan integral, pan de masa madre, tostadas de avena<\/td><\/tr><tr><td><strong>Galletitas<\/strong><\/td><td>Fruta con un pu\u00f1ado de frutos secos, yogur natural<\/td><\/tr><tr><td><strong>Pastas industriales<\/strong><\/td><td>Pastas integrales, legumbres, arroz integral<\/td><\/tr><tr><td><strong>Rebozados<\/strong><\/td><td>Huevo, avena o harina de almendras como rebozado<\/td><\/tr><tr><td><strong>Facturas y bizcochos<\/strong><\/td><td>Preparaciones caseras con avena o harinas alternativas<\/td><\/tr><\/tbody><\/table><\/figure>\n\n\n\n<h2 class=\"wp-block-heading\" style=\"margin-top:2.6rem;margin-bottom:0.8rem\">La prote\u00edna es lo que sostiene el cambio<\/h2>\n\n\n\n<p class=\"wp-block-paragraph\">Si hay un solo consejo que nos llevar\u00edamos de esta nota es este: <strong>cuando sac\u00e1s harinas, lo que m\u00e1s ayuda es asegurar la prote\u00edna del d\u00eda<\/strong>. La prote\u00edna da saciedad, y la saciedad es lo que evita que a las cinco de la tarde termines frente a la panera.<\/p>\n\n\n\n<p class=\"wp-block-paragraph\">Sea de la comida \u2014carne, huevo, l\u00e1cteos, legumbres\u2014 o de un batido cuando el d\u00eda viene complicado.<\/p>\n\n\n\n<div style=\"display:flex;flex-wrap:wrap;gap:13px;justify-content:center;box-sizing:border-box\"><div style=\"flex:1 1 195px;max-width:255px;border:1px solid #D3E6F1;border-radius:12px;padding:15px;box-sizing:border-box;text-align:center;background:#FFFFFF\"><a href=\"https:\/\/www.demusculos.com\/web\/producto\/whey-2-lbs-de-dms-nutrition-con-glutamina-y-bcaa\/\" style=\"text-decoration:none;color:inherit;display:block\"><img decoding=\"async\" src=\"https:\/\/www.demusculos.com\/web\/wp-content\/uploads\/2026\/08\/whye-dms-2-lbs-x1-300x300.webp\" alt=\"Whey 2 Lbs de DMS Nutrition\" loading=\"lazy\" width=\"300\" height=\"300\" style=\"width:100%;max-width:158px;height:auto;display:block;margin:0 auto 10px;border-radius:8px\"><strong style=\"display:block;font-size:0.92rem;line-height:1.28;color:#1F5A78;margin-bottom:5px\">Whey 2 Lbs de DMS Nutrition<\/strong><span style=\"display:block;font-size:0.79rem;line-height:1.42;color:#4A4A4A;margin-bottom:11px\">Con glutamina y BCAA. Sin TACC y con QR<\/span><span style=\"display:inline-block;background:#1F5A78;color:#FFFFFF;font-size:0.83rem;font-weight:700;padding:8px 15px;border-radius:6px\">Ver producto<\/span><\/a><\/div><div style=\"flex:1 1 195px;max-width:255px;border:1px solid #D3E6F1;border-radius:12px;padding:15px;box-sizing:border-box;text-align:center;background:#FFFFFF\"><a href=\"https:\/\/www.demusculos.com\/web\/producto\/whey-protein-1-kg-de-mervick\/\" style=\"text-decoration:none;color:inherit;display:block\"><img decoding=\"async\" src=\"https:\/\/www.demusculos.com\/web\/wp-content\/uploads\/2024\/02\/proteina-whey-protein-1-kg-mervick-01-300x300.jpg\" alt=\"Whey Protein 1 kg de Mervick\" loading=\"lazy\" width=\"300\" height=\"300\" style=\"width:100%;max-width:158px;height:auto;display:block;margin:0 auto 10px;border-radius:8px\"><strong style=\"display:block;font-size:0.92rem;line-height:1.28;color:#1F5A78;margin-bottom:5px\">Whey Protein 1 kg de Mervick<\/strong><span style=\"display:block;font-size:0.79rem;line-height:1.42;color:#4A4A4A;margin-bottom:11px\">30 tomas, buena relacion precio-calidad<\/span><span style=\"display:inline-block;background:#1F5A78;color:#FFFFFF;font-size:0.83rem;font-weight:700;padding:8px 15px;border-radius:6px\">Ver producto<\/span><\/a><\/div><div style=\"flex:1 1 195px;max-width:255px;border:1px solid #D3E6F1;border-radius:12px;padding:15px;box-sizing:border-box;text-align:center;background:#FFFFFF\"><a href=\"https:\/\/www.demusculos.com\/web\/producto\/claras-de-huevo-o-egg-protein-ovofull-x-750-grs\/\" style=\"text-decoration:none;color:inherit;display:block\"><img decoding=\"async\" src=\"https:\/\/www.demusculos.com\/web\/wp-content\/uploads\/2024\/02\/OVOFULL-750-grs-claras-huevo-01-300x300.webp\" alt=\"Proteina de Huevo Ovofull 750 g\" loading=\"lazy\" width=\"300\" height=\"300\" style=\"width:100%;max-width:158px;height:auto;display:block;margin:0 auto 10px;border-radius:8px\"><strong style=\"display:block;font-size:0.92rem;line-height:1.28;color:#1F5A78;margin-bottom:5px\">Prote\u00edna de Huevo Ovofull 750 g<\/strong><span style=\"display:block;font-size:0.79rem;line-height:1.42;color:#4A4A4A;margin-bottom:11px\">Claras de huevo, sin lactosa<\/span><span style=\"display:inline-block;background:#1F5A78;color:#FFFFFF;font-size:0.83rem;font-weight:700;padding:8px 15px;border-radius:6px\">Ver producto<\/span><\/a><\/div><div style=\"flex:1 1 195px;max-width:255px;border:1px solid #D3E6F1;border-radius:12px;padding:15px;box-sizing:border-box;text-align:center;background:#FFFFFF\"><a href=\"https:\/\/www.demusculos.com\/web\/producto\/amino-total-1-kg-pulver\/\" style=\"text-decoration:none;color:inherit;display:block\"><img decoding=\"async\" src=\"https:\/\/www.demusculos.com\/web\/wp-content\/uploads\/2024\/03\/x1-300x300.webp\" alt=\"Amino Total 1 kg de Pulver\" loading=\"lazy\" width=\"300\" height=\"300\" style=\"width:100%;max-width:158px;height:auto;display:block;margin:0 auto 10px;border-radius:8px\"><strong style=\"display:block;font-size:0.92rem;line-height:1.28;color:#1F5A78;margin-bottom:5px\">Amino Total 1 kg de Pulver<\/strong><span style=\"display:block;font-size:0.79rem;line-height:1.42;color:#4A4A4A;margin-bottom:11px\">Aminoacidos completos en comprimidos<\/span><span style=\"display:inline-block;background:#1F5A78;color:#FFFFFF;font-size:0.83rem;font-weight:700;padding:8px 15px;border-radius:6px\">Ver producto<\/span><\/a><\/div><\/div>\n\n\n\n<p class=\"wp-block-paragraph\"><a href=\"https:\/\/www.demusculos.com\/web\/categoria\/proteinas\/\">Ver todas las <strong>prote\u00ednas<\/strong><\/a> \u00b7 <a href=\"https:\/\/www.demusculos.com\/contenidos\/dejar-el-azucar-beneficios-semana-a-semana\/\">Qu\u00e9 pasa cuando dej\u00e1s el az\u00facar<\/a><\/p>\n\n\n\n<h2 class=\"wp-block-heading\" style=\"margin-top:2.6rem;margin-bottom:0.8rem\">Preguntas frecuentes<\/h2>\n\n\n\n<div class=\"schema-faq wp-block-yoast-faq-block\" style=\"margin:1.4rem 0;box-sizing:border-box\"><details class=\"schema-faq-section\" id=\"faq-question-1\" style=\"border:1px solid #D3E6F1;border-radius:10px;background:#FFFFFF;margin:0 0 10px;padding:14px 16px;box-sizing:border-box\" open><summary style=\"cursor:pointer;font-weight:700;color:#1F5A78;font-size:0.98rem;line-height:1.45\"><strong class=\"schema-faq-question\"><strong>\u00bfCu\u00e1ntos kilos se bajan dejando las harinas?<\/strong><\/strong><\/summary><p class=\"schema-faq-answer\" style=\"margin:10px 0 0;color:#3A3A3A;font-size:0.94rem;line-height:1.72\"><strong>No hay un n\u00famero, y desconfi\u00e1 de quien te lo d\u00e9.<\/strong> Depende de tu punto de partida, de qu\u00e9 com\u00e9s en reemplazo y de tu actividad.<br>Adem\u00e1s, el peso en la balanza es solo una parte de la historia. Muchas personas notan cambios en c\u00f3mo se sienten antes de que el n\u00famero se mueva.<br>Si tu objetivo es bajar de peso, lo que realmente sirve es <strong>un plan armado por un nutricionista<\/strong>.<\/p><\/details><details class=\"schema-faq-section\" id=\"faq-question-2\" style=\"border:1px solid #D3E6F1;border-radius:10px;background:#FFFFFF;margin:0 0 10px;padding:14px 16px;box-sizing:border-box\" open><summary style=\"cursor:pointer;font-weight:700;color:#1F5A78;font-size:0.98rem;line-height:1.45\"><strong class=\"schema-faq-question\"><strong>\u00bfEs lo mismo que dejar el gluten?<\/strong><\/strong><\/summary><p class=\"schema-faq-answer\" style=\"margin:10px 0 0;color:#3A3A3A;font-size:0.94rem;line-height:1.72\"><strong>No.<\/strong> Dejar las harinas refinadas es una decisi\u00f3n alimentaria; dejar el gluten por celiaqu\u00eda es una indicaci\u00f3n m\u00e9dica de por vida.<br>Hay harinas sin gluten que siguen siendo refinadas \u2014como el almid\u00f3n de ma\u00edz\u2014 y hay harinas con gluten que son integrales. <strong>Son dos cosas distintas.<\/strong><br>Si sospech\u00e1s que el gluten te cae mal, el orden correcto es consultarlo antes de sacarlo, no despu\u00e9s.<\/p><\/details><details class=\"schema-faq-section\" id=\"faq-question-3\" style=\"border:1px solid #D3E6F1;border-radius:10px;background:#FFFFFF;margin:0 0 10px;padding:14px 16px;box-sizing:border-box\" open><summary style=\"cursor:pointer;font-weight:700;color:#1F5A78;font-size:0.98rem;line-height:1.45\"><strong class=\"schema-faq-question\"><strong>\u00bfPuedo comer pan integral?<\/strong><\/strong><\/summary><p class=\"schema-faq-answer\" style=\"margin:10px 0 0;color:#3A3A3A;font-size:0.94rem;line-height:1.72\">S\u00ed. El pan integral conserva el salvado y el germen del grano, as\u00ed que <strong>aporta m\u00e1s fibra<\/strong> y se digiere m\u00e1s lento que el pan blanco.<br>Eso s\u00ed: le\u00e9 la etiqueta. Muchos panes se venden como integrales y en la lista de ingredientes la harina blanca aparece primera. <strong>El frente vende, el dorso informa.<\/strong><\/p><\/details><details class=\"schema-faq-section\" id=\"faq-question-4\" style=\"border:1px solid #D3E6F1;border-radius:10px;background:#FFFFFF;margin:0 0 10px;padding:14px 16px;box-sizing:border-box\"><summary style=\"cursor:pointer;font-weight:700;color:#1F5A78;font-size:0.98rem;line-height:1.45\"><strong class=\"schema-faq-question\"><strong>\u00bfPor qu\u00e9 los primeros d\u00edas me siento peor?<\/strong><\/strong><\/summary><p class=\"schema-faq-answer\" style=\"margin:10px 0 0;color:#3A3A3A;font-size:0.94rem;line-height:1.72\">Es lo m\u00e1s com\u00fan y suele durar poco. Est\u00e1s cambiando de golpe el tipo de comida que tu rutina ven\u00eda teniendo, y el cuerpo y la costumbre tardan unos d\u00edas en acomodarse.<br>\ud83d\udca1 Dos cosas ayudan bastante: <strong>tomar m\u00e1s agua<\/strong> y <strong>no dejar huecos largos sin comer<\/strong>. La mayor\u00eda de los bajones de esa primera semana son hambre disfrazada de otra cosa.<\/p><\/details><details class=\"schema-faq-section\" id=\"faq-question-5\" style=\"border:1px solid #D3E6F1;border-radius:10px;background:#FFFFFF;margin:0 0 10px;padding:14px 16px;box-sizing:border-box\"><summary style=\"cursor:pointer;font-weight:700;color:#1F5A78;font-size:0.98rem;line-height:1.45\"><strong class=\"schema-faq-question\"><strong>\u00bfTengo que dejarlas para siempre?<\/strong><\/strong><\/summary><p class=\"schema-faq-answer\" style=\"margin:10px 0 0;color:#3A3A3A;font-size:0.94rem;line-height:1.72\">No, y plante\u00e1rselo as\u00ed suele ser contraproducente. Lo que funciona a largo plazo no es la prohibici\u00f3n sino <strong>cambiar la proporci\u00f3n<\/strong>: que las harinas refinadas dejen de ser la base de todas las comidas.<br>Una dieta que no disfrut\u00e1s no la sosten\u00e9s. Ese es el punto que m\u00e1s veces vemos fallar.<\/p><\/details><details class=\"schema-faq-section\" id=\"faq-question-6\" style=\"border:1px solid #D3E6F1;border-radius:10px;background:#FFFFFF;margin:0 0 10px;padding:14px 16px;box-sizing:border-box\"><summary style=\"cursor:pointer;font-weight:700;color:#1F5A78;font-size:0.98rem;line-height:1.45\"><strong class=\"schema-faq-question\"><strong>\u00bfQu\u00e9 suplemento me conviene si dejo las harinas?<\/strong><\/strong><\/summary><p class=\"schema-faq-answer\" style=\"margin:10px 0 0;color:#3A3A3A;font-size:0.94rem;line-height:1.72\">Ninguno es obligatorio. Si algo suma, es <strong>asegurar la prote\u00edna del d\u00eda<\/strong>, porque es lo que m\u00e1s ayuda con la saciedad.<br>Un batido de prote\u00edna resuelve bien los d\u00edas en que no lleg\u00e1s a cocinar. Pero es un complemento: <strong>la comida siempre gana<\/strong>.<\/p><\/details><\/div>\n\n\n\n\n\n\n\n\n\n\n\n\n\n<div style=\"border:1px solid #D3E6F1;background:#FAFCFD;padding:20px 22px;margin:2.6rem 0 1rem;border-radius:12px;box-sizing:border-box\"><strong style=\"display:block;color:#1F5A78;font-size:1rem;margin-bottom:8px\">Sobre esta nota<\/strong><span style=\"display:block;color:#4A4A4A;font-size:0.91rem;line-height:1.7\">Escribimos desde lo que vemos en el mostrador y desde informaci\u00f3n nutricional basica. <strong>No armamos planes de alimentaci\u00f3n ni prometemos resultados.<\/strong><br><br>Si un cambio alimentario te genera ansiedad o culpa, conviene frenar y consultarlo.<br><br>Los suplementos dietarios son para mayores de 18 anios y no reemplazan a una alimentaci\u00f3n variada. Ante cualquier duda de salud, consulta con un profesional.<\/span><\/div>\n\n\n\n<div class=\"dm-relacionadas\" style=\"border:1px solid #D3E6F1;background:#FAFCFD;border-radius:14px;padding:22px 20px;margin:2.6rem 0 1rem;box-sizing:border-box\"><strong style=\"display:block;color:#1F5A78;font-size:1.04rem;margin-bottom:12px\">Otras notas sobre alimentaci\u00f3n<\/strong><div style=\"display:flex;flex-wrap:wrap;margin-bottom:18px;box-sizing:border-box\"><a href=\"https:\/\/www.demusculos.com\/contenidos\/miel-vs-azucar\/\" style=\"display:inline-block;padding:9px 15px;margin:0 7px 8px 0;border:1px solid #D3E6F1;border-radius:20px;background:#FFFFFF;color:#1F5A78;font-size:0.87rem;font-weight:600;text-decoration:none\">Miel o az\u00facar: la respuesta honesta<\/a><a href=\"https:\/\/www.demusculos.com\/contenidos\/beneficios-de-los-arandanos\/\" style=\"display:inline-block;padding:9px 15px;margin:0 7px 8px 0;border:1px solid #D3E6F1;border-radius:20px;background:#FFFFFF;color:#1F5A78;font-size:0.87rem;font-weight:600;text-decoration:none\">Ar\u00e1ndanos: qu\u00e9 aportan y por qu\u00e9 desconfiar de<\/a><a href=\"https:\/\/www.demusculos.com\/contenidos\/carbohidratos-en-el-deporte\/\" style=\"display:inline-block;padding:9px 15px;margin:0 7px 8px 0;border:1px solid #D3E6F1;border-radius:20px;background:#FFFFFF;color:#1F5A78;font-size:0.87rem;font-weight:600;text-decoration:none\">Carbohidratos en el deporte: el gluc\u00f3geno y la<\/a><a href=\"https:\/\/www.demusculos.com\/contenidos\/dejar-el-azucar-beneficios-semana-a-semana\/\" style=\"display:inline-block;padding:9px 15px;margin:0 7px 8px 0;border:1px solid #D3E6F1;border-radius:20px;background:#FFFFFF;color:#1F5A78;font-size:0.87rem;font-weight:600;text-decoration:none\">C\u00f3mo cambia tu cuerpo cuando dej\u00e1s el az\u00facar: <\/a><a href=\"https:\/\/www.demusculos.com\/contenidos\/caminar-todos-los-dias-beneficios\/\" style=\"display:inline-block;padding:9px 15px;margin:0 7px 8px 0;border:1px solid #D3E6F1;border-radius:20px;background:#FFFFFF;color:#1F5A78;font-size:0.87rem;font-weight:600;text-decoration:none\">Caminar todos los d\u00edas: qu\u00e9 esperar de verdad<\/a><a href=\"https:\/\/www.demusculos.com\/contenidos\/ciruelas-secas-frutos-secos-dieta\/\" style=\"display:inline-block;padding:9px 15px;margin:0 7px 8px 0;border:1px solid #D3E6F1;border-radius:20px;background:#FFFFFF;color:#1F5A78;font-size:0.87rem;font-weight:600;text-decoration:none\">Ciruelas secas y frutos secos: no son lo mismo<\/a><\/div><strong style=\"display:block;color:#1F5A78;font-size:0.98rem;margin-bottom:10px\">En la tienda<\/strong><div style=\"display:flex;flex-wrap:wrap;box-sizing:border-box\"><a href=\"https:\/\/www.demusculos.com\/web\/producto\/whey-2-lbs-de-dms-nutrition-con-glutamina-y-bcaa\/\" style=\"display:inline-block;padding:10px 16px;margin:0 8px 8px 0;background:#1F5A78;color:#FFFFFF;border-radius:7px;font-size:0.87rem;font-weight:700;text-decoration:none\">Whey 2 Lbs de DMS<\/a><a href=\"https:\/\/www.demusculos.com\/web\/producto\/claras-de-huevo-o-egg-protein-ovofull-x-750-grs\/\" style=\"display:inline-block;padding:10px 16px;margin:0 8px 8px 0;background:#1F5A78;color:#FFFFFF;border-radius:7px;font-size:0.87rem;font-weight:700;text-decoration:none\">Prote\u00edna de Huevo Ovofull<\/a><\/div><span style=\"display:block;margin-top:12px\"><a href=\"https:\/\/www.demusculos.com\/web\/categoria\/proteinas\/\" style=\"color:#1F5A78;font-size:0.88rem;font-weight:700\">Ver las prote\u00ednas<\/a><\/span><\/div>\n","protected":false},"excerpt":{"rendered":"<p>Eliminar las harinas refinadas por 30 d\u00edas puede ser el punto de partida para transformar tu cuerpo y tu salud. En esta nota te contamos qu\u00e9 cambios vas a notar, c\u00f3mo te vas a sentir y por qu\u00e9 tantas personas est\u00e1n eligiendo este camino para mejorar su bienestar f\u00edsico y mental.<\/p>\n","protected":false},"author":1,"featured_media":8771,"comment_status":"closed","ping_status":"open","sticky":false,"template":"","format":"standard","meta":{"site-sidebar-layout":"default","site-content-layout":"","ast-site-content-layout":"default","site-content-style":"default","site-sidebar-style":"default","ast-global-header-display":"","ast-banner-title-visibility":"","ast-main-header-display":"","ast-hfb-above-header-display":"","ast-hfb-below-header-display":"","ast-hfb-mobile-header-display":"","site-post-title":"","ast-breadcrumbs-content":"","ast-featured-img":"","footer-sml-layout":"","ast-disable-related-posts":"","theme-transparent-header-meta":"","adv-header-id-meta":"","stick-header-meta":"","header-above-stick-meta":"","header-main-stick-meta":"","header-below-stick-meta":"","astra-migrate-meta-layouts":"set","ast-page-background-enabled":"default","ast-page-background-meta":{"desktop":{"background-color":"","background-image":"","background-repeat":"repeat","background-position":"center center","background-size":"auto","background-attachment":"scroll","background-type":"","background-media":"","overlay-type":"","overlay-color":"","overlay-opacity":"","overlay-gradient":""},"tablet":{"background-color":"","background-image":"","background-repeat":"repeat","background-position":"center center","background-size":"auto","background-attachment":"scroll","background-type":"","background-media":"","overlay-type":"","overlay-color":"","overlay-opacity":"","overlay-gradient":""},"mobile":{"background-color":"","background-image":"","background-repeat":"repeat","background-position":"center center","background-size":"auto","background-attachment":"scroll","background-type":"","background-media":"","overlay-type":"","overlay-color":"","overlay-opacity":"","overlay-gradient":""}},"ast-content-background-meta":{"desktop":{"background-color":"var(--ast-global-color-5)","background-image":"","background-repeat":"repeat","background-position":"center center","background-size":"auto","background-attachment":"scroll","background-type":"","background-media":"","overlay-type":"","overlay-color":"","overlay-opacity":"","overlay-gradient":""},"tablet":{"background-color":"var(--ast-global-color-5)","background-image":"","background-repeat":"repeat","background-position":"center center","background-size":"auto","background-attachment":"scroll","background-type":"","background-media":"","overlay-type":"","overlay-color":"","overlay-opacity":"","overlay-gradient":""},"mobile":{"background-color":"var(--ast-global-color-5)","background-image":"","background-repeat":"repeat","background-position":"center center","background-size":"auto","background-attachment":"scroll","background-type":"","background-media":"","overlay-type":"","overlay-color":"","overlay-opacity":"","overlay-gradient":""}},"footnotes":""},"categories":[108],"tags":[],"class_list":["post-8769","post","type-post","status-publish","format-standard","has-post-thumbnail","hentry","category-alimentacion"],"yoast_head":"<!-- This site is optimized with the Yoast SEO plugin v28.3 - https:\/\/yoast.com\/product\/yoast-seo-wordpress\/ -->\n<title>Dejar las harinas: qu\u00e9 pasa en 30 d\u00edas | DeMusculos.com<\/title>\n<meta name=\"description\" content=\"Qu\u00e9 se suele observar al dejar las harinas refinadas durante 30 d\u00edas y qu\u00e9 conviene mirar antes de hacer un cambio as\u00ed.\" \/>\n<meta name=\"robots\" content=\"index, follow, max-snippet:-1, max-image-preview:large, max-video-preview:-1\" \/>\n<link rel=\"canonical\" href=\"https:\/\/www.demusculos.com\/contenidos\/dejar-las-harinas\/\" \/>\n<meta property=\"og:locale\" content=\"es_ES\" \/>\n<meta property=\"og:type\" content=\"article\" \/>\n<meta property=\"og:title\" content=\"Dejar las harinas: qu\u00e9 pasa en 30 d\u00edas | DeMusculos.com\" \/>\n<meta property=\"og:description\" content=\"Qu\u00e9 se suele observar al dejar las harinas refinadas durante 30 d\u00edas y qu\u00e9 conviene mirar antes de hacer un cambio as\u00ed.\" \/>\n<meta property=\"og:url\" content=\"https:\/\/www.demusculos.com\/contenidos\/dejar-las-harinas\/\" \/>\n<meta property=\"og:site_name\" content=\"DeMusculos.com\" \/>\n<meta property=\"article:publisher\" content=\"https:\/\/www.facebook.com\/demusculos\" \/>\n<meta property=\"article:published_time\" content=\"2025-05-03T03:04:32+00:00\" \/>\n<meta property=\"article:modified_time\" content=\"2026-08-27T14:46:07+00:00\" \/>\n<meta property=\"og:image\" content=\"https:\/\/www.demusculos.com\/contenidos\/wp-content\/uploads\/2025\/05\/harinas-dejarlas-por-30-dias.jpg\" \/>\n\t<meta property=\"og:image:width\" content=\"1600\" \/>\n\t<meta property=\"og:image:height\" content=\"800\" \/>\n\t<meta property=\"og:image:type\" content=\"image\/jpeg\" \/>\n<meta name=\"author\" content=\"info@demusculos.com\" \/>\n<meta name=\"twitter:card\" content=\"summary_large_image\" \/>\n<meta name=\"twitter:creator\" content=\"@demusculos\" \/>\n<meta name=\"twitter:site\" content=\"@demusculos\" \/>\n<meta name=\"twitter:label1\" content=\"Escrito por\" \/>\n\t<meta name=\"twitter:data1\" content=\"info@demusculos.com\" \/>\n\t<meta name=\"twitter:label2\" content=\"Tiempo de lectura\" \/>\n\t<meta name=\"twitter:data2\" content=\"3 minutos\" \/>\n<script type=\"application\/ld+json\" class=\"yoast-schema-graph\">{\"@context\":\"https:\\\/\\\/schema.org\",\"@graph\":[{\"@type\":\"Article\",\"@id\":\"https:\\\/\\\/www.demusculos.com\\\/contenidos\\\/dejar-las-harinas\\\/#article\",\"isPartOf\":{\"@id\":\"https:\\\/\\\/www.demusculos.com\\\/contenidos\\\/dejar-las-harinas\\\/\"},\"author\":{\"name\":\"info@demusculos.com\",\"@id\":\"https:\\\/\\\/www.demusculos.com\\\/contenidos\\\/#\\\/schema\\\/person\\\/d6a4150676fe308a7ec5a1ef0ede418e\"},\"headline\":\"Qu\u00e9 le pasa a tu cuerpo cuando dej\u00e1s las harinas por 30 d\u00edas\",\"datePublished\":\"2025-05-03T03:04:32+00:00\",\"dateModified\":\"2026-08-27T14:46:07+00:00\",\"mainEntityOfPage\":{\"@id\":\"https:\\\/\\\/www.demusculos.com\\\/contenidos\\\/dejar-las-harinas\\\/\"},\"wordCount\":1252,\"publisher\":{\"@id\":\"https:\\\/\\\/www.demusculos.com\\\/contenidos\\\/#organization\"},\"image\":{\"@id\":\"https:\\\/\\\/www.demusculos.com\\\/contenidos\\\/dejar-las-harinas\\\/#primaryimage\"},\"thumbnailUrl\":\"https:\\\/\\\/www.demusculos.com\\\/contenidos\\\/wp-content\\\/uploads\\\/2025\\\/05\\\/harinas-dejarlas-por-30-dias.jpg\",\"articleSection\":[\"Alimentaci\u00f3n\"],\"inLanguage\":\"es\"},{\"@type\":[\"WebPage\",\"FAQPage\"],\"@id\":\"https:\\\/\\\/www.demusculos.com\\\/contenidos\\\/dejar-las-harinas\\\/\",\"url\":\"https:\\\/\\\/www.demusculos.com\\\/contenidos\\\/dejar-las-harinas\\\/\",\"name\":\"Dejar las harinas: qu\u00e9 pasa en 30 d\u00edas | DeMusculos.com\",\"isPartOf\":{\"@id\":\"https:\\\/\\\/www.demusculos.com\\\/contenidos\\\/#website\"},\"primaryImageOfPage\":{\"@id\":\"https:\\\/\\\/www.demusculos.com\\\/contenidos\\\/dejar-las-harinas\\\/#primaryimage\"},\"image\":{\"@id\":\"https:\\\/\\\/www.demusculos.com\\\/contenidos\\\/dejar-las-harinas\\\/#primaryimage\"},\"thumbnailUrl\":\"https:\\\/\\\/www.demusculos.com\\\/contenidos\\\/wp-content\\\/uploads\\\/2025\\\/05\\\/harinas-dejarlas-por-30-dias.jpg\",\"datePublished\":\"2025-05-03T03:04:32+00:00\",\"dateModified\":\"2026-08-27T14:46:07+00:00\",\"description\":\"Qu\u00e9 se suele observar al dejar las harinas refinadas durante 30 d\u00edas y qu\u00e9 conviene mirar antes de hacer un cambio as\u00ed.\",\"breadcrumb\":{\"@id\":\"https:\\\/\\\/www.demusculos.com\\\/contenidos\\\/dejar-las-harinas\\\/#breadcrumb\"},\"mainEntity\":[{\"@id\":\"https:\\\/\\\/www.demusculos.com\\\/contenidos\\\/dejar-las-harinas\\\/#faq-question-1\"},{\"@id\":\"https:\\\/\\\/www.demusculos.com\\\/contenidos\\\/dejar-las-harinas\\\/#faq-question-2\"},{\"@id\":\"https:\\\/\\\/www.demusculos.com\\\/contenidos\\\/dejar-las-harinas\\\/#faq-question-3\"},{\"@id\":\"https:\\\/\\\/www.demusculos.com\\\/contenidos\\\/dejar-las-harinas\\\/#faq-question-4\"},{\"@id\":\"https:\\\/\\\/www.demusculos.com\\\/contenidos\\\/dejar-las-harinas\\\/#faq-question-5\"},{\"@id\":\"https:\\\/\\\/www.demusculos.com\\\/contenidos\\\/dejar-las-harinas\\\/#faq-question-6\"}],\"inLanguage\":\"es\",\"potentialAction\":[{\"@type\":\"ReadAction\",\"target\":[\"https:\\\/\\\/www.demusculos.com\\\/contenidos\\\/dejar-las-harinas\\\/\"]}]},{\"@type\":\"ImageObject\",\"inLanguage\":\"es\",\"@id\":\"https:\\\/\\\/www.demusculos.com\\\/contenidos\\\/dejar-las-harinas\\\/#primaryimage\",\"url\":\"https:\\\/\\\/www.demusculos.com\\\/contenidos\\\/wp-content\\\/uploads\\\/2025\\\/05\\\/harinas-dejarlas-por-30-dias.jpg\",\"contentUrl\":\"https:\\\/\\\/www.demusculos.com\\\/contenidos\\\/wp-content\\\/uploads\\\/2025\\\/05\\\/harinas-dejarlas-por-30-dias.jpg\",\"width\":1600,\"height\":800,\"caption\":\"Harinas: que pasa si las dejamos durante 30 d\u00edas\"},{\"@type\":\"BreadcrumbList\",\"@id\":\"https:\\\/\\\/www.demusculos.com\\\/contenidos\\\/dejar-las-harinas\\\/#breadcrumb\",\"itemListElement\":[{\"@type\":\"ListItem\",\"position\":1,\"name\":\"Inicio\",\"item\":\"https:\\\/\\\/www.demusculos.com\\\/contenidos\\\/\"},{\"@type\":\"ListItem\",\"position\":2,\"name\":\"Qu\u00e9 le pasa a tu cuerpo cuando dej\u00e1s las harinas por 30 d\u00edas\"}]},{\"@type\":\"WebSite\",\"@id\":\"https:\\\/\\\/www.demusculos.com\\\/contenidos\\\/#website\",\"url\":\"https:\\\/\\\/www.demusculos.com\\\/contenidos\\\/\",\"name\":\"DeMusculos.com\",\"description\":\"Nutrici\u00f3n Inteligente\",\"publisher\":{\"@id\":\"https:\\\/\\\/www.demusculos.com\\\/contenidos\\\/#organization\"},\"potentialAction\":[{\"@type\":\"SearchAction\",\"target\":{\"@type\":\"EntryPoint\",\"urlTemplate\":\"https:\\\/\\\/www.demusculos.com\\\/contenidos\\\/?s={search_term_string}\"},\"query-input\":{\"@type\":\"PropertyValueSpecification\",\"valueRequired\":true,\"valueName\":\"search_term_string\"}}],\"inLanguage\":\"es\"},{\"@type\":\"Organization\",\"@id\":\"https:\\\/\\\/www.demusculos.com\\\/contenidos\\\/#organization\",\"name\":\"DeMusculos.com\",\"alternateName\":\"DeMusculos\",\"url\":\"https:\\\/\\\/www.demusculos.com\\\/contenidos\\\/\",\"logo\":{\"@type\":\"ImageObject\",\"inLanguage\":\"es\",\"@id\":\"https:\\\/\\\/www.demusculos.com\\\/contenidos\\\/#\\\/schema\\\/logo\\\/image\\\/\",\"url\":\"https:\\\/\\\/www.demusculos.com\\\/contenidos\\\/wp-content\\\/uploads\\\/2026\\\/08\\\/logo-demusculos-512.png\",\"contentUrl\":\"https:\\\/\\\/www.demusculos.com\\\/contenidos\\\/wp-content\\\/uploads\\\/2026\\\/08\\\/logo-demusculos-512.png\",\"width\":512,\"height\":512,\"caption\":\"DeMusculos.com\"},\"image\":{\"@id\":\"https:\\\/\\\/www.demusculos.com\\\/contenidos\\\/#\\\/schema\\\/logo\\\/image\\\/\"},\"sameAs\":[\"https:\\\/\\\/www.facebook.com\\\/demusculos\",\"https:\\\/\\\/x.com\\\/demusculos\",\"https:\\\/\\\/www.instagram.com\\\/demusculos\\\/\",\"https:\\\/\\\/www.tiktok.com\\\/@demusculos.com\",\"https:\\\/\\\/www.youtube.com\\\/demusculos\"]},{\"@type\":\"Person\",\"@id\":\"https:\\\/\\\/www.demusculos.com\\\/contenidos\\\/#\\\/schema\\\/person\\\/d6a4150676fe308a7ec5a1ef0ede418e\",\"name\":\"info@demusculos.com\",\"image\":{\"@type\":\"ImageObject\",\"inLanguage\":\"es\",\"@id\":\"https:\\\/\\\/secure.gravatar.com\\\/avatar\\\/262a0a0ba4de3e4fba648d6f1950949bda8407bb61909b15c3dab8eb123f1489?s=96&d=mm&r=g\",\"url\":\"https:\\\/\\\/secure.gravatar.com\\\/avatar\\\/262a0a0ba4de3e4fba648d6f1950949bda8407bb61909b15c3dab8eb123f1489?s=96&d=mm&r=g\",\"contentUrl\":\"https:\\\/\\\/secure.gravatar.com\\\/avatar\\\/262a0a0ba4de3e4fba648d6f1950949bda8407bb61909b15c3dab8eb123f1489?s=96&d=mm&r=g\",\"caption\":\"info@demusculos.com\"},\"sameAs\":[\"https:\\\/\\\/www.demusculos.com\\\/contenidos\"]},{\"@type\":\"Question\",\"@id\":\"https:\\\/\\\/www.demusculos.com\\\/contenidos\\\/dejar-las-harinas\\\/#faq-question-1\",\"position\":1,\"url\":\"https:\\\/\\\/www.demusculos.com\\\/contenidos\\\/dejar-las-harinas\\\/#faq-question-1\",\"name\":\"\u00bfCu\u00e1ntos kilos se bajan dejando las harinas?\",\"answerCount\":1,\"acceptedAnswer\":{\"@type\":\"Answer\",\"text\":\"No hay un n\u00famero, y desconfi\u00e1 de quien te lo d\u00e9. Depende de tu punto de partida, de qu\u00e9 com\u00e9s en reemplazo y de tu actividad. Adem\u00e1s, el peso en la balanza es solo una parte de la historia. Muchas personas notan cambios en c\u00f3mo se sienten antes de que el n\u00famero se mueva. Si tu objetivo es bajar de peso, lo que realmente sirve es un plan armado por un nutricionista.\",\"inLanguage\":\"es\"},\"inLanguage\":\"es\"},{\"@type\":\"Question\",\"@id\":\"https:\\\/\\\/www.demusculos.com\\\/contenidos\\\/dejar-las-harinas\\\/#faq-question-2\",\"position\":2,\"url\":\"https:\\\/\\\/www.demusculos.com\\\/contenidos\\\/dejar-las-harinas\\\/#faq-question-2\",\"name\":\"\u00bfEs lo mismo que dejar el gluten?\",\"answerCount\":1,\"acceptedAnswer\":{\"@type\":\"Answer\",\"text\":\"No. Dejar las harinas refinadas es una decisi\u00f3n alimentaria; dejar el gluten por celiaqu\u00eda es una indicaci\u00f3n m\u00e9dica de por vida. Hay harinas sin gluten que siguen siendo refinadas \u2014como el almid\u00f3n de ma\u00edz\u2014 y hay harinas con gluten que son integrales. Son dos cosas distintas. Si sospech\u00e1s que el gluten te cae mal, el orden correcto es consultarlo antes de sacarlo, no despu\u00e9s.\",\"inLanguage\":\"es\"},\"inLanguage\":\"es\"},{\"@type\":\"Question\",\"@id\":\"https:\\\/\\\/www.demusculos.com\\\/contenidos\\\/dejar-las-harinas\\\/#faq-question-3\",\"position\":3,\"url\":\"https:\\\/\\\/www.demusculos.com\\\/contenidos\\\/dejar-las-harinas\\\/#faq-question-3\",\"name\":\"\u00bfPuedo comer pan integral?\",\"answerCount\":1,\"acceptedAnswer\":{\"@type\":\"Answer\",\"text\":\"S\u00ed. El pan integral conserva el salvado y el germen del grano, as\u00ed que aporta m\u00e1s fibra y se digiere m\u00e1s lento que el pan blanco. Eso s\u00ed: le\u00e9 la etiqueta. Muchos panes se venden como integrales y en la lista de ingredientes la harina blanca aparece primera. El frente vende, el dorso informa.\",\"inLanguage\":\"es\"},\"inLanguage\":\"es\"},{\"@type\":\"Question\",\"@id\":\"https:\\\/\\\/www.demusculos.com\\\/contenidos\\\/dejar-las-harinas\\\/#faq-question-4\",\"position\":4,\"url\":\"https:\\\/\\\/www.demusculos.com\\\/contenidos\\\/dejar-las-harinas\\\/#faq-question-4\",\"name\":\"\u00bfPor qu\u00e9 los primeros d\u00edas me siento peor?\",\"answerCount\":1,\"acceptedAnswer\":{\"@type\":\"Answer\",\"text\":\"Es lo m\u00e1s com\u00fan y suele durar poco. Est\u00e1s cambiando de golpe el tipo de comida que tu rutina ven\u00eda teniendo, y el cuerpo y la costumbre tardan unos d\u00edas en acomodarse. \ud83d\udca1 Dos cosas ayudan bastante: tomar m\u00e1s agua y no dejar huecos largos sin comer. La mayor\u00eda de los bajones de esa primera semana son hambre disfrazada de otra cosa.\",\"inLanguage\":\"es\"},\"inLanguage\":\"es\"},{\"@type\":\"Question\",\"@id\":\"https:\\\/\\\/www.demusculos.com\\\/contenidos\\\/dejar-las-harinas\\\/#faq-question-5\",\"position\":5,\"url\":\"https:\\\/\\\/www.demusculos.com\\\/contenidos\\\/dejar-las-harinas\\\/#faq-question-5\",\"name\":\"\u00bfTengo que dejarlas para siempre?\",\"answerCount\":1,\"acceptedAnswer\":{\"@type\":\"Answer\",\"text\":\"No, y plante\u00e1rselo as\u00ed suele ser contraproducente. Lo que funciona a largo plazo no es la prohibici\u00f3n sino cambiar la proporci\u00f3n: que las harinas refinadas dejen de ser la base de todas las comidas. Una dieta que no disfrut\u00e1s no la sosten\u00e9s. Ese es el punto que m\u00e1s veces vemos fallar.\",\"inLanguage\":\"es\"},\"inLanguage\":\"es\"},{\"@type\":\"Question\",\"@id\":\"https:\\\/\\\/www.demusculos.com\\\/contenidos\\\/dejar-las-harinas\\\/#faq-question-6\",\"position\":6,\"url\":\"https:\\\/\\\/www.demusculos.com\\\/contenidos\\\/dejar-las-harinas\\\/#faq-question-6\",\"name\":\"\u00bfQu\u00e9 suplemento me conviene si dejo las harinas?\",\"answerCount\":1,\"acceptedAnswer\":{\"@type\":\"Answer\",\"text\":\"Ninguno es obligatorio. Si algo suma, es asegurar la prote\u00edna del d\u00eda, porque es lo que m\u00e1s ayuda con la saciedad. Un batido de prote\u00edna resuelve bien los d\u00edas en que no lleg\u00e1s a cocinar. Pero es un complemento: la comida siempre gana.\",\"inLanguage\":\"es\"},\"inLanguage\":\"es\"}]}<\/script>\n<!-- \/ Yoast SEO plugin. -->","yoast_head_json":{"title":"Dejar las harinas: qu\u00e9 pasa en 30 d\u00edas | DeMusculos.com","description":"Qu\u00e9 se suele observar al dejar las harinas refinadas durante 30 d\u00edas y qu\u00e9 conviene mirar antes de hacer un cambio as\u00ed.","robots":{"index":"index","follow":"follow","max-snippet":"max-snippet:-1","max-image-preview":"max-image-preview:large","max-video-preview":"max-video-preview:-1"},"canonical":"https:\/\/www.demusculos.com\/contenidos\/dejar-las-harinas\/","og_locale":"es_ES","og_type":"article","og_title":"Dejar las harinas: qu\u00e9 pasa en 30 d\u00edas | DeMusculos.com","og_description":"Qu\u00e9 se suele observar al dejar las harinas refinadas durante 30 d\u00edas y qu\u00e9 conviene mirar antes de hacer un cambio as\u00ed.","og_url":"https:\/\/www.demusculos.com\/contenidos\/dejar-las-harinas\/","og_site_name":"DeMusculos.com","article_publisher":"https:\/\/www.facebook.com\/demusculos","article_published_time":"2025-05-03T03:04:32+00:00","article_modified_time":"2026-08-27T14:46:07+00:00","og_image":[{"width":1600,"height":800,"url":"https:\/\/www.demusculos.com\/contenidos\/wp-content\/uploads\/2025\/05\/harinas-dejarlas-por-30-dias.jpg","type":"image\/jpeg"}],"author":"info@demusculos.com","twitter_card":"summary_large_image","twitter_creator":"@demusculos","twitter_site":"@demusculos","twitter_misc":{"Escrito por":"info@demusculos.com","Tiempo de lectura":"3 minutos"},"schema":{"@context":"https:\/\/schema.org","@graph":[{"@type":"Article","@id":"https:\/\/www.demusculos.com\/contenidos\/dejar-las-harinas\/#article","isPartOf":{"@id":"https:\/\/www.demusculos.com\/contenidos\/dejar-las-harinas\/"},"author":{"name":"info@demusculos.com","@id":"https:\/\/www.demusculos.com\/contenidos\/#\/schema\/person\/d6a4150676fe308a7ec5a1ef0ede418e"},"headline":"Qu\u00e9 le pasa a tu cuerpo cuando dej\u00e1s las harinas por 30 d\u00edas","datePublished":"2025-05-03T03:04:32+00:00","dateModified":"2026-08-27T14:46:07+00:00","mainEntityOfPage":{"@id":"https:\/\/www.demusculos.com\/contenidos\/dejar-las-harinas\/"},"wordCount":1252,"publisher":{"@id":"https:\/\/www.demusculos.com\/contenidos\/#organization"},"image":{"@id":"https:\/\/www.demusculos.com\/contenidos\/dejar-las-harinas\/#primaryimage"},"thumbnailUrl":"https:\/\/www.demusculos.com\/contenidos\/wp-content\/uploads\/2025\/05\/harinas-dejarlas-por-30-dias.jpg","articleSection":["Alimentaci\u00f3n"],"inLanguage":"es"},{"@type":["WebPage","FAQPage"],"@id":"https:\/\/www.demusculos.com\/contenidos\/dejar-las-harinas\/","url":"https:\/\/www.demusculos.com\/contenidos\/dejar-las-harinas\/","name":"Dejar las harinas: qu\u00e9 pasa en 30 d\u00edas | DeMusculos.com","isPartOf":{"@id":"https:\/\/www.demusculos.com\/contenidos\/#website"},"primaryImageOfPage":{"@id":"https:\/\/www.demusculos.com\/contenidos\/dejar-las-harinas\/#primaryimage"},"image":{"@id":"https:\/\/www.demusculos.com\/contenidos\/dejar-las-harinas\/#primaryimage"},"thumbnailUrl":"https:\/\/www.demusculos.com\/contenidos\/wp-content\/uploads\/2025\/05\/harinas-dejarlas-por-30-dias.jpg","datePublished":"2025-05-03T03:04:32+00:00","dateModified":"2026-08-27T14:46:07+00:00","description":"Qu\u00e9 se suele observar al dejar las harinas refinadas durante 30 d\u00edas y qu\u00e9 conviene mirar antes de hacer un cambio as\u00ed.","breadcrumb":{"@id":"https:\/\/www.demusculos.com\/contenidos\/dejar-las-harinas\/#breadcrumb"},"mainEntity":[{"@id":"https:\/\/www.demusculos.com\/contenidos\/dejar-las-harinas\/#faq-question-1"},{"@id":"https:\/\/www.demusculos.com\/contenidos\/dejar-las-harinas\/#faq-question-2"},{"@id":"https:\/\/www.demusculos.com\/contenidos\/dejar-las-harinas\/#faq-question-3"},{"@id":"https:\/\/www.demusculos.com\/contenidos\/dejar-las-harinas\/#faq-question-4"},{"@id":"https:\/\/www.demusculos.com\/contenidos\/dejar-las-harinas\/#faq-question-5"},{"@id":"https:\/\/www.demusculos.com\/contenidos\/dejar-las-harinas\/#faq-question-6"}],"inLanguage":"es","potentialAction":[{"@type":"ReadAction","target":["https:\/\/www.demusculos.com\/contenidos\/dejar-las-harinas\/"]}]},{"@type":"ImageObject","inLanguage":"es","@id":"https:\/\/www.demusculos.com\/contenidos\/dejar-las-harinas\/#primaryimage","url":"https:\/\/www.demusculos.com\/contenidos\/wp-content\/uploads\/2025\/05\/harinas-dejarlas-por-30-dias.jpg","contentUrl":"https:\/\/www.demusculos.com\/contenidos\/wp-content\/uploads\/2025\/05\/harinas-dejarlas-por-30-dias.jpg","width":1600,"height":800,"caption":"Harinas: que pasa si las dejamos durante 30 d\u00edas"},{"@type":"BreadcrumbList","@id":"https:\/\/www.demusculos.com\/contenidos\/dejar-las-harinas\/#breadcrumb","itemListElement":[{"@type":"ListItem","position":1,"name":"Inicio","item":"https:\/\/www.demusculos.com\/contenidos\/"},{"@type":"ListItem","position":2,"name":"Qu\u00e9 le pasa a tu cuerpo cuando dej\u00e1s las harinas por 30 d\u00edas"}]},{"@type":"WebSite","@id":"https:\/\/www.demusculos.com\/contenidos\/#website","url":"https:\/\/www.demusculos.com\/contenidos\/","name":"DeMusculos.com","description":"Nutrici\u00f3n Inteligente","publisher":{"@id":"https:\/\/www.demusculos.com\/contenidos\/#organization"},"potentialAction":[{"@type":"SearchAction","target":{"@type":"EntryPoint","urlTemplate":"https:\/\/www.demusculos.com\/contenidos\/?s={search_term_string}"},"query-input":{"@type":"PropertyValueSpecification","valueRequired":true,"valueName":"search_term_string"}}],"inLanguage":"es"},{"@type":"Organization","@id":"https:\/\/www.demusculos.com\/contenidos\/#organization","name":"DeMusculos.com","alternateName":"DeMusculos","url":"https:\/\/www.demusculos.com\/contenidos\/","logo":{"@type":"ImageObject","inLanguage":"es","@id":"https:\/\/www.demusculos.com\/contenidos\/#\/schema\/logo\/image\/","url":"https:\/\/www.demusculos.com\/contenidos\/wp-content\/uploads\/2026\/08\/logo-demusculos-512.png","contentUrl":"https:\/\/www.demusculos.com\/contenidos\/wp-content\/uploads\/2026\/08\/logo-demusculos-512.png","width":512,"height":512,"caption":"DeMusculos.com"},"image":{"@id":"https:\/\/www.demusculos.com\/contenidos\/#\/schema\/logo\/image\/"},"sameAs":["https:\/\/www.facebook.com\/demusculos","https:\/\/x.com\/demusculos","https:\/\/www.instagram.com\/demusculos\/","https:\/\/www.tiktok.com\/@demusculos.com","https:\/\/www.youtube.com\/demusculos"]},{"@type":"Person","@id":"https:\/\/www.demusculos.com\/contenidos\/#\/schema\/person\/d6a4150676fe308a7ec5a1ef0ede418e","name":"info@demusculos.com","image":{"@type":"ImageObject","inLanguage":"es","@id":"https:\/\/secure.gravatar.com\/avatar\/262a0a0ba4de3e4fba648d6f1950949bda8407bb61909b15c3dab8eb123f1489?s=96&d=mm&r=g","url":"https:\/\/secure.gravatar.com\/avatar\/262a0a0ba4de3e4fba648d6f1950949bda8407bb61909b15c3dab8eb123f1489?s=96&d=mm&r=g","contentUrl":"https:\/\/secure.gravatar.com\/avatar\/262a0a0ba4de3e4fba648d6f1950949bda8407bb61909b15c3dab8eb123f1489?s=96&d=mm&r=g","caption":"info@demusculos.com"},"sameAs":["https:\/\/www.demusculos.com\/contenidos"]},{"@type":"Question","@id":"https:\/\/www.demusculos.com\/contenidos\/dejar-las-harinas\/#faq-question-1","position":1,"url":"https:\/\/www.demusculos.com\/contenidos\/dejar-las-harinas\/#faq-question-1","name":"\u00bfCu\u00e1ntos kilos se bajan dejando las harinas?","answerCount":1,"acceptedAnswer":{"@type":"Answer","text":"No hay un n\u00famero, y desconfi\u00e1 de quien te lo d\u00e9. Depende de tu punto de partida, de qu\u00e9 com\u00e9s en reemplazo y de tu actividad. Adem\u00e1s, el peso en la balanza es solo una parte de la historia. Muchas personas notan cambios en c\u00f3mo se sienten antes de que el n\u00famero se mueva. Si tu objetivo es bajar de peso, lo que realmente sirve es un plan armado por un nutricionista.","inLanguage":"es"},"inLanguage":"es"},{"@type":"Question","@id":"https:\/\/www.demusculos.com\/contenidos\/dejar-las-harinas\/#faq-question-2","position":2,"url":"https:\/\/www.demusculos.com\/contenidos\/dejar-las-harinas\/#faq-question-2","name":"\u00bfEs lo mismo que dejar el gluten?","answerCount":1,"acceptedAnswer":{"@type":"Answer","text":"No. Dejar las harinas refinadas es una decisi\u00f3n alimentaria; dejar el gluten por celiaqu\u00eda es una indicaci\u00f3n m\u00e9dica de por vida. Hay harinas sin gluten que siguen siendo refinadas \u2014como el almid\u00f3n de ma\u00edz\u2014 y hay harinas con gluten que son integrales. Son dos cosas distintas. Si sospech\u00e1s que el gluten te cae mal, el orden correcto es consultarlo antes de sacarlo, no despu\u00e9s.","inLanguage":"es"},"inLanguage":"es"},{"@type":"Question","@id":"https:\/\/www.demusculos.com\/contenidos\/dejar-las-harinas\/#faq-question-3","position":3,"url":"https:\/\/www.demusculos.com\/contenidos\/dejar-las-harinas\/#faq-question-3","name":"\u00bfPuedo comer pan integral?","answerCount":1,"acceptedAnswer":{"@type":"Answer","text":"S\u00ed. El pan integral conserva el salvado y el germen del grano, as\u00ed que aporta m\u00e1s fibra y se digiere m\u00e1s lento que el pan blanco. Eso s\u00ed: le\u00e9 la etiqueta. Muchos panes se venden como integrales y en la lista de ingredientes la harina blanca aparece primera. El frente vende, el dorso informa.","inLanguage":"es"},"inLanguage":"es"},{"@type":"Question","@id":"https:\/\/www.demusculos.com\/contenidos\/dejar-las-harinas\/#faq-question-4","position":4,"url":"https:\/\/www.demusculos.com\/contenidos\/dejar-las-harinas\/#faq-question-4","name":"\u00bfPor qu\u00e9 los primeros d\u00edas me siento peor?","answerCount":1,"acceptedAnswer":{"@type":"Answer","text":"Es lo m\u00e1s com\u00fan y suele durar poco. Est\u00e1s cambiando de golpe el tipo de comida que tu rutina ven\u00eda teniendo, y el cuerpo y la costumbre tardan unos d\u00edas en acomodarse. \ud83d\udca1 Dos cosas ayudan bastante: tomar m\u00e1s agua y no dejar huecos largos sin comer. La mayor\u00eda de los bajones de esa primera semana son hambre disfrazada de otra cosa.","inLanguage":"es"},"inLanguage":"es"},{"@type":"Question","@id":"https:\/\/www.demusculos.com\/contenidos\/dejar-las-harinas\/#faq-question-5","position":5,"url":"https:\/\/www.demusculos.com\/contenidos\/dejar-las-harinas\/#faq-question-5","name":"\u00bfTengo que dejarlas para siempre?","answerCount":1,"acceptedAnswer":{"@type":"Answer","text":"No, y plante\u00e1rselo as\u00ed suele ser contraproducente. Lo que funciona a largo plazo no es la prohibici\u00f3n sino cambiar la proporci\u00f3n: que las harinas refinadas dejen de ser la base de todas las comidas. Una dieta que no disfrut\u00e1s no la sosten\u00e9s. Ese es el punto que m\u00e1s veces vemos fallar.","inLanguage":"es"},"inLanguage":"es"},{"@type":"Question","@id":"https:\/\/www.demusculos.com\/contenidos\/dejar-las-harinas\/#faq-question-6","position":6,"url":"https:\/\/www.demusculos.com\/contenidos\/dejar-las-harinas\/#faq-question-6","name":"\u00bfQu\u00e9 suplemento me conviene si dejo las harinas?","answerCount":1,"acceptedAnswer":{"@type":"Answer","text":"Ninguno es obligatorio. Si algo suma, es asegurar la prote\u00edna del d\u00eda, porque es lo que m\u00e1s ayuda con la saciedad. Un batido de prote\u00edna resuelve bien los d\u00edas en que no lleg\u00e1s a cocinar. Pero es un complemento: la comida siempre gana.","inLanguage":"es"},"inLanguage":"es"}]}},"_links":{"self":[{"href":"https:\/\/www.demusculos.com\/contenidos\/wp-json\/wp\/v2\/posts\/8769","targetHints":{"allow":["GET"]}}],"collection":[{"href":"https:\/\/www.demusculos.com\/contenidos\/wp-json\/wp\/v2\/posts"}],"about":[{"href":"https:\/\/www.demusculos.com\/contenidos\/wp-json\/wp\/v2\/types\/post"}],"author":[{"embeddable":true,"href":"https:\/\/www.demusculos.com\/contenidos\/wp-json\/wp\/v2\/users\/1"}],"replies":[{"embeddable":true,"href":"https:\/\/www.demusculos.com\/contenidos\/wp-json\/wp\/v2\/comments?post=8769"}],"version-history":[{"count":0,"href":"https:\/\/www.demusculos.com\/contenidos\/wp-json\/wp\/v2\/posts\/8769\/revisions"}],"wp:featuredmedia":[{"embeddable":true,"href":"https:\/\/www.demusculos.com\/contenidos\/wp-json\/wp\/v2\/media\/8771"}],"wp:attachment":[{"href":"https:\/\/www.demusculos.com\/contenidos\/wp-json\/wp\/v2\/media?parent=8769"}],"wp:term":[{"taxonomy":"category","embeddable":true,"href":"https:\/\/www.demusculos.com\/contenidos\/wp-json\/wp\/v2\/categories?post=8769"},{"taxonomy":"post_tag","embeddable":true,"href":"https:\/\/www.demusculos.com\/contenidos\/wp-json\/wp\/v2\/tags?post=8769"}],"curies":[{"name":"wp","href":"https:\/\/api.w.org\/{rel}","templated":true}]}}